{"id":4874,"date":"2026-03-03T22:53:56","date_gmt":"2026-03-03T22:53:56","guid":{"rendered":"https:\/\/citajizmedjuredova.me\/?p=4874"},"modified":"2026-04-27T22:56:17","modified_gmt":"2026-04-27T22:56:17","slug":"pravo-na-zaborav-u-crnoj-gori-izmedu-zastite-privatnosti-i-brisanja-proslosti","status":"publish","type":"post","link":"https:\/\/citajizmedjuredova.me\/?p=4874","title":{"rendered":"Pravo na zaborav u Crnoj Gori: Izme\u0111u za\u0161tite privatnosti i brisanja pro\u0161losti"},"content":{"rendered":"\n<p>PI\u0160U: M. Radulovi\u0107, V. Rajkovi\u0107 Nenadi\u0107<\/p>\n\n\n\n<p>Zamislite da se va\u0161e ime godinama pojavljuje na internetu uz tekst o istrazi koja nikada nije zavr\u0161ena optu\u017enicom, uz doga\u0111aj iz mladosti, porodi\u010dni problem ili gre\u0161ku koja je davno izgubila javni zna\u010daj. Iako je \u017eivot nastavio dalje, internet tu informaciju i dalje \u010duva. Svaki poslodavac, kom\u0161ija ili poslovni partner mo\u017ee je prona\u0107i za nekoliko sekundi. Upravo u takvim situacijama otvara se pitanje prava na zaborav.<\/p>\n\n\n\n<p>To pravo podrazumijeva mogu\u0107nost pojedinca da zatra\u017ei uklanjanje, anonimizaciju ili smanjenje dostupnosti informacija o sebi kada su one neta\u010dne, zastarjele, nerelevantne ili nesrazmjerno \u0161tetne po privatnost i ugled. Me\u0111utim, u Crnoj Gori ovo pravo jo\u0161 nije jasno ure\u0111eno, posebno kada je rije\u010d o medijskim tekstovima i internet arhivama.<\/p>\n\n\n\n<p>U praksi, gra\u0111anin mo\u017ee zatra\u017eiti da se odre\u0111eni sadr\u017eaj ukloni ili da se njegovo ime zamijeni inicijalima, ali ishod naj\u010de\u0161\u0107e zavisi od procjene urednika ili odluke suda. Upravo zato pravo na zaborav ostaje osjetljivo pitanje: gdje prestaje pravo javnosti da zna, a gdje po\u010dinje pravo pojedinca da ne bude trajno obilje\u017een starom informacijom?<\/p>\n\n\n\n<p>Iskustva iz crnogorskih redakcija pokazuju da su takvi zahtjevi rijetki, ali postoje. Glavni i odgovorni urednik TV Vijesti Radomir Kra\u010dkovi\u0107 navodi da se njegova redakcija nije direktno susretala sa zahtjevima koji se eksplicitno pozivaju na pravo na zaborav, ali da je imao posredan slu\u010daj koji dobro pokazuje o \u010demu je rije\u010d.<\/p>\n\n\n\n<p>\u201eRadilo se o pojedincu iz druge dr\u017eave, za kojeg je prije petnaestak godina objavljeno da je pronevjerio novac i da se protiv njega vodi istraga. Ta istraga, me\u0111utim, nikada nije dovela do pokretanja krivi\u010dnog postupka, pa je on preko advokata tra\u017eio uklanjanje te informacije. Na kraju je medij koji je to objavio odlu\u010dio da tekst izbri\u0161e\u201c, ka\u017ee Kra\u010dkovi\u0107.<\/p>\n\n\n\n<p>On isti\u010de da svaki zahtjev treba pa\u017eljivo razmotriti, ali i da pravo na zaborav ne mo\u017ee biti univerzalno primjenjivo.<\/p>\n\n\n\n<p>\u201eOpravdano je ukloniti informacije ako se poka\u017ee da su bile neta\u010dne ili neutemeljene, ili ako su nesrazmjerno povrijedile privatnost. U drugim slu\u010dajevima, smatram da takvi zahtjevi nijesu opravdani\u201c, navodi on.<\/p>\n\n\n\n<p>Sli\u010dan stav dijele i u redakciji \u201ePobjede\u201c. Urednica Jelena Nelevi\u0107 ka\u017ee da ovaj list u posljednje dvije godine nije imao formalne zahtjeve koji se odnose na pravo na zaborav, ali upozorava da nedostatak jasnih pravila ostavlja prostor za razli\u010dita tuma\u010denja.<\/p>\n\n\n\n<p>\u201eIako postoje evropski zakoni i sudska praksa, jo\u0161 uvijek nema univerzalnih kriterijuma kada i kako primijeniti brisanje, deindeksiranje ili anonimizaciju sadr\u017eaja. Zato svaki slu\u010daj zahtijeva posebnu pa\u017enju\u201c, isti\u010de Nelevi\u0107.<\/p>\n\n\n\n<p>Prema njenim rije\u010dima, upravo zbog te pravne neodre\u0111enosti, pravo na zaborav bi trebalo da bude preciznije definisano i kroz eti\u010dki kodeks novinara. Istovremeno, upozorava i na mogu\u0107nost zloupotrebe.<\/p>\n\n\n\n<p>\u201ePitanje je da li se ovo pravo mo\u017ee ostvarivati samo kroz uredni\u010dku odluku ili su potrebne jasne i stroge procedure, kao kod prava na odgovor ili demanti\u201c, ka\u017ee ona.<\/p>\n\n\n\n<p>Kao ilustraciju navodi slu\u010daj iz prakse \u201ePobjede\u201c, koji jasno pokazuje granicu izme\u0111u legitimne za\u0161tite privatnosti i poku\u0161aja selektivnog \u201eure\u0111ivanja\u201c sopstvene pro\u0161losti.<\/p>\n\n\n\n<p>\u201eSagovornik koji je ranije javno govorio o problemima na svom radnom mjestu, uz dokumentaciju i potvrde institucija, naknadno je tra\u017eio brisanje samo pojedinih tekstova jer mu, kako je naveo, vi\u0161e ne idu u prilog. Me\u0111utim, ti problemi su bili stvarni i dijelom rije\u0161eni upravo zahvaljuju\u0107i medijskom izvje\u0161tavanju\u201c, obja\u0161njava Nelevi\u0107.<\/p>\n\n\n\n<p>U takvim slu\u010dajevima, dodaje, mediji ne mogu biti obavezni da bri\u0161u sadr\u017eaj samo zato \u0161to se okolnosti promijenile.<\/p>\n\n\n\n<p>\u201eTo bi zna\u010dilo selektivno prepisivanje pro\u0161losti, a ne za\u0161titu prava li\u010dnosti\u201c, nagla\u0161ava ona.<\/p>\n\n\n\n<p>Pored ovih iskustava, praksa u Crnoj Gori bilje\u017ei i nekoliko konkretnih slu\u010dajeva koji ukazuju na razli\u010dite pristupe primjeni ovog prava. Tako je 2021. godine Osnovni sud u Kola\u0161inu donio odluku kojom je jednom portalu nalo\u017eeno uklanjanje \u010dak 24 teksta zbog povrede prava li\u010dnosti. Ovaj slu\u010daj se \u010desto navodi kao jedan od prvih primjera sudske intervencije koja je bliska konceptu prava na zaborav.<\/p>\n\n\n\n<p>U ranijem periodu, pojedini mediji su i bez sudskih odluka primjenjivali odre\u0111ene mjere. Javni servis RTCG i drugi portali anonimizovali su identitet u osjetljivim slu\u010dajevima, posebno kada su u pitanju maloljetnici, dok su pojedine redakcije uklanjale tekstove na zahtjev gra\u0111ana ili njihovih advokata.<\/p>\n\n\n\n<p>Sli\u010dna praksa zabilje\u017eena je i u dnevnom listu \u201eDan\u201c, gdje su, prema dostupnim podacima, pojedini tekstovi iz arhive uklonjeni na zahtjev advokata jednog biznismena, dok su u drugim slu\u010dajevima sporovi zavr\u0161avali pred sudom. Tako\u0111e, u redakciji \u201eVijesti\u201c zabilje\u017eeni su slu\u010dajevi anonimizacije \u2013 zamjene punog imena inicijalima i uklanjanja pretra\u017eiva\u010dkih oznaka (tagova) kako bi se smanjila dostupnost odre\u0111enih informacija.<\/p>\n\n\n\n<p>Ovi primjeri pokazuju da pravo na zaborav u Crnoj Gori ve\u0107 postoji u praksi, ali bez jedinstvenih pravila. Odluke se donose ad hoc \u2013 kroz uredni\u010dku procjenu ili sudske presude \u2013 \u0161to otvara prostor za neujedna\u010denu primjenu.<\/p>\n\n\n\n<p>Analiza Medijskog savjeta za samoregulaciju Pravo na zaborav <a href=\"https:\/\/www.medijskisavjet.me\/images\/sampledata\/dokumenti\/07_PRAVO_NA_ZABORAV_PUBLIKACIJA_cg.pdf\">https:\/\/www.medijskisavjet.me\/images\/sampledata\/dokumenti\/07_PRAVO_NA_ZABORAV_PUBLIKACIJA_cg.pdf<\/a> ukazuje da u Crnoj Gori trenutno ne postoji jedinstven zakonski okvir koji ure\u0111uje pravo na zaborav u medijskom prostoru. Iako Zakon o za\u0161titi podataka o li\u010dnosti daje odre\u0111ena prava gra\u0111anima, poput pristupa i ispravke podataka, ne predvi\u0111a jasno mogu\u0107nost uklanjanja medijskih sadr\u017eaja ili rezultata pretrage.<\/p>\n\n\n\n<p>U praksi, to zna\u010di da gra\u0111ani mogu tra\u017eiti brisanje ili ograni\u010davanje dostupnosti podataka, ali ishod zavisi od odluke medija ili eventualno suda. Dodatni problem predstavlja i \u010dinjenica da uklanjanje sadr\u017eaja sa portala ne zna\u010di nu\u017eno njegovo uklanjanje iz internet pretrage, \u0161to dodatno komplikuje primjenu ovog prava.<\/p>\n\n\n\n<p>Stru\u010dnjaci zato ukazuju da je neophodno uvesti kombinaciju zakonskih rje\u0161enja i medijske samoregulacije, kako bi se jasno definisalo kada je opravdano ukloniti sadr\u017eaj, a kada je javni interes pre\u010di.<\/p>\n\n\n\n<p>Do tada, pravo na zaborav u Crnoj Gori ostaje u sivoj zoni izme\u0111u teorije i prakse \u2013 kao legitimna potreba za za\u0161titom privatnosti, ali i potencijalni alat za zloupotrebu i selektivno brisanje pro\u0161losti.<\/p>\n\n\n\n<p><strong><em>FOTO: AI<\/em><\/strong><\/p>\n\n\n\n<p><em>\u010clanak je dio regionalnog projekta \u201eNa\u0161i mediji: Inicijativa civilnog dru\u0161tva za razvoj medijske pismenosti i aktivizma, borbu protiv polarizacije i promovisanje dijaloga\u201c, koji podr\u017eava Evropska unija, a sprovodi se u Albaniji, Bosni i Hercegovini, Kosovu, Sjevernoj Makedoniji, Crnoj Gori, Srbiji i Turskoj. Projekat kofinansira Ministarsrvo javne uprave u Crnoj Gori.<\/em><\/p>\n\n\n\n<p><em>\u010clanak je nastao uz finansijsku podr\u0161ku Evropske unije i Ministarstva javne uprave u Crnoj Gori. Sadr\u017eaj je isklju\u010divo odgovornost Instituta za medije Crne Gore i ne odra\u017eava nu\u017eno stavove Evropske unije i Ministarstva javne uprave.<\/em><\/p>\n","protected":false},"excerpt":{"rendered":"<p>PI\u0160U: M. Radulovi\u0107, V. Rajkovi\u0107 Nenadi\u0107 Zamislite da se va\u0161e ime godinama pojavljuje na internetu uz tekst o istrazi koja nikada nije zavr\u0161ena optu\u017enicom, uz doga\u0111aj iz mladosti, porodi\u010dni problem ili gre\u0161ku koja je davno izgubila javni zna\u010daj. Iako je \u017eivot nastavio dalje, internet tu informaciju i dalje \u010duva. Svaki poslodavac, kom\u0161ija ili poslovni partner<\/p>\n","protected":false},"author":2,"featured_media":4875,"comment_status":"closed","ping_status":"closed","sticky":false,"template":"","format":"standard","meta":{"footnotes":""},"categories":[59,143],"tags":[],"class_list":{"0":"post-4874","1":"post","2":"type-post","3":"status-publish","4":"format-standard","5":"has-post-thumbnail","7":"category-aktuelnosti","8":"category-aktuelnosti-medijska-pismenost"},"_links":{"self":[{"href":"https:\/\/citajizmedjuredova.me\/index.php?rest_route=\/wp\/v2\/posts\/4874","targetHints":{"allow":["GET"]}}],"collection":[{"href":"https:\/\/citajizmedjuredova.me\/index.php?rest_route=\/wp\/v2\/posts"}],"about":[{"href":"https:\/\/citajizmedjuredova.me\/index.php?rest_route=\/wp\/v2\/types\/post"}],"author":[{"embeddable":true,"href":"https:\/\/citajizmedjuredova.me\/index.php?rest_route=\/wp\/v2\/users\/2"}],"replies":[{"embeddable":true,"href":"https:\/\/citajizmedjuredova.me\/index.php?rest_route=%2Fwp%2Fv2%2Fcomments&post=4874"}],"version-history":[{"count":1,"href":"https:\/\/citajizmedjuredova.me\/index.php?rest_route=\/wp\/v2\/posts\/4874\/revisions"}],"predecessor-version":[{"id":4876,"href":"https:\/\/citajizmedjuredova.me\/index.php?rest_route=\/wp\/v2\/posts\/4874\/revisions\/4876"}],"wp:featuredmedia":[{"embeddable":true,"href":"https:\/\/citajizmedjuredova.me\/index.php?rest_route=\/wp\/v2\/media\/4875"}],"wp:attachment":[{"href":"https:\/\/citajizmedjuredova.me\/index.php?rest_route=%2Fwp%2Fv2%2Fmedia&parent=4874"}],"wp:term":[{"taxonomy":"category","embeddable":true,"href":"https:\/\/citajizmedjuredova.me\/index.php?rest_route=%2Fwp%2Fv2%2Fcategories&post=4874"},{"taxonomy":"post_tag","embeddable":true,"href":"https:\/\/citajizmedjuredova.me\/index.php?rest_route=%2Fwp%2Fv2%2Ftags&post=4874"}],"curies":[{"name":"wp","href":"https:\/\/api.w.org\/{rel}","templated":true}]}}